{"id":768,"date":"2020-11-19T11:00:15","date_gmt":"2020-11-19T11:00:15","guid":{"rendered":"https:\/\/tedfes.com\/encuentro-empresarial-online\/"},"modified":"2020-11-19T11:00:15","modified_gmt":"2020-11-19T11:00:15","slug":"encuentro-empresarial-online","status":"publish","type":"post","link":"https:\/\/tedfes.com\/en\/encuentro-empresarial-online\/","title":{"rendered":"Encuentro Empresarial on line"},"content":{"rendered":"<\/div><\/div><\/div><!-- close content main div --><\/div><\/div><div id='av_section_1' class='avia-section main_color avia-section-small avia-no-border-styling avia-bg-style-scroll  av-minimum-height av-minimum-height-custom container_wrap sidebar_right'   ><div class='container' style='height:30px'><div class='template-page content  av-content-small alpha units'><div class='post-entry post-entry-type-page post-entry-768'><div class='entry-content-wrapper clearfix'>\n<div class='av-social-sharing-box  av-social-sharing-box-minimal'><div class='av-share-box'><ul class='av-share-box-list noLightbox'><li class='av-share-link av-social-link-facebook' ><a target='_blank' href='http:\/\/www.facebook.com\/sharer.php?u=https:\/\/tedfes.com\/en\/encuentro-empresarial-online\/&amp;t=Encuentro%20Empresarial%20on%20line' aria-hidden='true' data-av_icon='\ue8f3' data-av_iconfont='entypo-fontello' title='' data-avia-related-tooltip='Share on Facebook'><span class='avia_hidden_link_text'>Share on Facebook<\/span><\/a><\/li><li class='av-share-link av-social-link-twitter' ><a target='_blank' href='https:\/\/twitter.com\/share?text=Encuentro%20Empresarial%20on%20line&url=https:\/\/tedfes.com\/en\/?p=768' aria-hidden='true' data-av_icon='\ue8f1' data-av_iconfont='entypo-fontello' title='' data-avia-related-tooltip='Share on Twitter'><span class='avia_hidden_link_text'>Share on Twitter<\/span><\/a><\/li><li class='av-share-link av-social-link-linkedin' ><a target='_blank' href='http:\/\/linkedin.com\/shareArticle?mini=true&amp;title=Encuentro%20Empresarial%20on%20line&amp;url=https:\/\/tedfes.com\/en\/encuentro-empresarial-online\/' aria-hidden='true' data-av_icon='\ue8fc' data-av_iconfont='entypo-fontello' title='' data-avia-related-tooltip='Share on Linkedin'><span class='avia_hidden_link_text'>Share on Linkedin<\/span><\/a><\/li><li class='av-share-link av-social-link-mail' ><a  href='mailto:?subject=Encuentro%20Empresarial%20on%20line&amp;body=https:\/\/tedfes.com\/en\/encuentro-empresarial-online\/' aria-hidden='true' data-av_icon='\ue805' data-av_iconfont='entypo-fontello' title='' data-avia-related-tooltip='Share by Mail'><span class='avia_hidden_link_text'>Share by Mail<\/span><\/a><\/li><\/ul><\/div><\/div>\n<\/div><\/div><\/div><!-- close content main div --><\/div><\/div><div id='after_section_1' class='main_color av_default_container_wrap container_wrap sidebar_right'   ><div class='container' ><div class='template-page content  av-content-small alpha units'><div class='post-entry post-entry-type-page post-entry-768'><div class='entry-content-wrapper clearfix'>\n<div style='padding-bottom:10px;' class='av-special-heading av-special-heading-h2   '><h2 class='av-special-heading-tag'  itemprop=\"headline\"  >Encuentro Empresarial on line para dar a conocer los proyectos de las empresas m\u00e1s innovadoras de Cantabria<\/h2><div class='special-heading-border'><div class='special-heading-inner-border' ><\/div><\/div><\/div>\n<\/div><\/div><\/div><!-- close content main div --><\/div><\/div><div id='av_section_2' class='avia-section main_color avia-section-default avia-no-shadow avia-bg-style-scroll  container_wrap sidebar_right'   ><div class='container' ><div class='template-page content  av-content-small alpha units'><div class='post-entry post-entry-type-page post-entry-768'><div class='entry-content-wrapper clearfix'>\n<div class=\"flex_column av_one_third  flex_column_div av-zero-column-padding first  \" style='border-radius:0px; '><div class='avia-image-container  av-styling-   avia-align-center '  itemscope=\"itemscope\" itemtype=\"https:\/\/schema.org\/ImageObject\"  ><div class='avia-image-container-inner'><img class='avia_image ' src='https:\/\/tedfes.com\/wp-content\/uploads\/2020\/12\/image003-300x182.png' alt='' title='image003'   itemprop=\"thumbnailUrl\"  \/><\/div><\/div><\/div><div class=\"flex_column av_two_third  flex_column_div av-zero-column-padding   \" style='border-radius:0px; '><section class=\"av_textblock_section\"  itemscope=\"itemscope\" itemtype=\"https:\/\/schema.org\/BlogPosting\" itemprop=\"blogPost\" ><div class='avia_textblock '   itemprop=\"text\" ><p><img loading=\"lazy\" class=\"size-medium wp-image-728 alignright\" src=\"https:\/\/tedfes.com\/wp-content\/uploads\/2020\/11\/image001-300x134.png\" alt=\"\" width=\"300\" height=\"134\" srcset=\"https:\/\/tedfes.com\/wp-content\/uploads\/2020\/11\/image001-300x134.png 300w, https:\/\/tedfes.com\/wp-content\/uploads\/2020\/11\/image001.png 451w\" sizes=\"(max-width: 300px) 100vw, 300px\" \/><\/p>\n<p style=\"font-weight: 400;\">Hoy d\u00eda 19 noviembre, CEOE CEPYME Cantabria ha organizado en colaboraci\u00f3n con la Consejer\u00eda de Innovaci\u00f3n, Industria, Transporte y Comercio de Cantabria un Encuentro Empresarial on line para dar a conocer los proyectos de las empresas m\u00e1s innovadoras de Cantabria.<\/p>\n<p style=\"font-weight: 400;\">La jornada ha comenzado con la intervenci\u00f3n de Isabel Cuesta, Directora General CEOE CEPYME Cantabria y Jorge Muyo, Director General de Innovaci\u00f3n del Gobierno de Cantabria.<\/p>\n<p style=\"font-weight: 400;\">Posteriormente, ha intervenido Crist\u00f3bal Per\u00e1n, Managing Director, <strong>Frog Espa\u00f1a,<\/strong>\u00a0experto en liderar equipos I+D, y en resoluci\u00f3n<\/p>\n<p style=\"font-weight: 400;\">creativa de problemas. Ha destacado la importancia del ciclo de la innovaci\u00f3n, y la necesidad de conectar el mundo operacional con el de la creaci\u00f3n.\u00a0 Estamos muy ocupados en hacer bien lo que hacemos, y hay una gran tensi\u00f3n para dedicar esfuerzos y recursos a la innovaci\u00f3n. Pero si no se innova, las empresas mueren. Ha finalizado describiendo la f\u00f3rmula de la innovaci\u00f3n la cual combina tres conceptos: Clima (desarrollar capacidades y ambientes creativos para desarrollar soluciones innovadoras), Creatividad (T\u00e9cnicas y herramientas para estimular el pensamiento creativo) y Acci\u00f3n (Procesos para implementar soluciones y motivar para la acci\u00f3n).<\/p>\n<p><img loading=\"lazy\" class=\"aligncenter wp-image-745 size-full\" src=\"https:\/\/tedfes.com\/wp-content\/uploads\/2020\/11\/image_2020-12-21_152409.png\" alt=\"\" width=\"540\" height=\"83\" srcset=\"https:\/\/tedfes.com\/wp-content\/uploads\/2020\/11\/image_2020-12-21_152409.png 540w, https:\/\/tedfes.com\/wp-content\/uploads\/2020\/11\/image_2020-12-21_152409-300x46.png 300w, https:\/\/tedfes.com\/wp-content\/uploads\/2020\/11\/image_2020-12-21_152409-450x69.png 450w\" sizes=\"(max-width: 540px) 100vw, 540px\" \/><\/p>\n<p style=\"font-weight: 400;\">A continuaci\u00f3n, ha intervenido Alberto Pindado de\u00a0<strong>Gamesa Electric, con su proyecto de\u00a0<\/strong><strong>Digitalizaciones en planta &amp; transferencias tecnol\u00f3gicas remotas.<\/strong>\u00a0Despu\u00e9s, ha intervenido Jose Antonio Torres de <strong>Edscha<\/strong>\u00a0con su presentaci\u00f3n\u00a0<strong>Caminando hacia la Smart Factory<\/strong>\u00a0y ha finalizado Jose Antonio Torralba de\u00a0<strong>Ambar Telecomunicaciones que lidera la ejecuci\u00f3n del\u00a0<\/strong><a href=\"https:\/\/tedfes.com\/en\/project\/\" data-saferedirecturl=\"https:\/\/www.google.com\/url?q=https:\/\/tedfes.com\/el-proyecto\/&amp;source=gmail&amp;ust=1605888061050000&amp;usg=AOvVaw3jEIMfBy7DpxkmveZDeYLv\">proyecto I+D TEDFES<\/a>,\u00a0<strong>Tecnolog\u00edas y Dispositivos Fot\u00f3nicos para el Envejecimiento Saludable,<\/strong>\u00a0 reflejando los objetivos y avances del mismo en colaboraci\u00f3n con la Universidad de Cantabria, a trav\u00e9s de su\u00a0<a href=\"http:\/\/gif.teisa.unican.es\/\" data-saferedirecturl=\"https:\/\/www.google.com\/url?q=http:\/\/gif.teisa.unican.es\/&amp;source=gmail&amp;ust=1605888061050000&amp;usg=AOvVaw1_usHpD4f-aUT6jEJiOQNK\">Grupo de Ingenier\u00eda Fot\u00f3nica<\/a>\u00a0y del\u00a0<a href=\"https:\/\/www.idival.org\/es\/\" data-saferedirecturl=\"https:\/\/www.google.com\/url?q=https:\/\/www.idival.org\/es\/&amp;source=gmail&amp;ust=1605888061050000&amp;usg=AOvVaw1hoczYps6gd8kYvJqubqJA\">IDIVAL<\/a>, Instituto de Investigaci\u00f3n del Hospital Universitario Marqu\u00e9s de Valdecilla.<\/p>\n<p style=\"text-align: justify;\">M\u00e1s informaci\u00f3n:<\/p>\n<p><a href=\"https:\/\/ambar.es\/2019\/10\/21\/mejorar-la-salud-a-traves-de-nuestros-datos-nuevo-reto-de-futuro\/\">Ambar Telecomunicaciones<\/a><\/p>\n<p><a href=\"https:\/\/idival.org\/es\/NOTICIAS\/ID\/2086\/Jornada-Esfera-CSIC-Norte-Con-C-de-Ciencia-Mejorar-la-salud-a-traves-de-nuestros-datos-Nuevo-reto-de-futuro\">IDIVAL<\/a><\/p>\n<div class=\"additional-logos\" style=\"text-align: justify;\">\n<div class=\"logo-mc\"><img loading=\"lazy\" class=\"alignnone wp-image-9090\" src=\"https:\/\/ambar.es\/wp-content\/uploads\/2018\/12\/Logo-Ministerio_Web_AEI.jpg\" sizes=\"(max-width: 371px) 100vw, 371px\" srcset=\"https:\/\/ambar.es\/wp-content\/uploads\/2018\/12\/Logo-Ministerio_Web_AEI.jpg 5512w, https:\/\/ambar.es\/wp-content\/uploads\/2018\/12\/Logo-Ministerio_Web_AEI-300x58.jpg 300w, https:\/\/ambar.es\/wp-content\/uploads\/2018\/12\/Logo-Ministerio_Web_AEI-768x149.jpg 768w, https:\/\/ambar.es\/wp-content\/uploads\/2018\/12\/Logo-Ministerio_Web_AEI-1030x200.jpg 1030w, https:\/\/ambar.es\/wp-content\/uploads\/2018\/12\/Logo-Ministerio_Web_AEI-1500x291.jpg 1500w, https:\/\/ambar.es\/wp-content\/uploads\/2018\/12\/Logo-Ministerio_Web_AEI-705x137.jpg 705w, https:\/\/ambar.es\/wp-content\/uploads\/2018\/12\/Logo-Ministerio_Web_AEI-450x87.jpg 450w\" alt=\"\" width=\"371\" height=\"72\" \/><img loading=\"lazy\" class=\"alignnone wp-image-9093\" src=\"https:\/\/ambar.es\/wp-content\/uploads\/2018\/12\/UE.png\" sizes=\"(max-width: 171px) 100vw, 171px\" srcset=\"https:\/\/ambar.es\/wp-content\/uploads\/2018\/12\/UE.png 566w, https:\/\/ambar.es\/wp-content\/uploads\/2018\/12\/UE-300x129.png 300w, https:\/\/ambar.es\/wp-content\/uploads\/2018\/12\/UE-450x194.png 450w\" alt=\"\" width=\"171\" height=\"74\" \/><\/div>\n<\/div>\n<div style=\"text-align: justify;\"><\/div>\n<div style=\"text-align: justify;\"><\/div>\n<div class=\"footer-notice\" style=\"text-align: center;\">Proyecto perteneciente a la convocatoria Retos-Colaboraci\u00f3n del Programa Estatal de Investigaci\u00f3n, Desarrollo e Innovaci\u00f3n Orientada a los Retos de la Sociedad (Salud, Cambio Demogr\u00e1fico y Bienestar) para la cooperaci\u00f3n entre empresas y organismos de investigaci\u00f3n.<\/div>\n<div class=\"footer-notice\" style=\"text-align: center;\">Financiado por: FEDER\/Ministerio de Ciencia, Innovaci\u00f3n y Universidades \u2013 Agencia Estatal de Investigaci\u00f3n\/Proyecto RTC-2017- 6321-1.<\/div>\n<div class=\"footer-notice\" style=\"text-align: center;\">Objetivo tem\u00e1tico:\u00a0<em>Promover el desarrollo tecnol\u00f3gico, la innovaci\u00f3n y una investigaci\u00f3n de calidad.<\/em><\/div>\n<\/div><\/section><\/div><\/div><\/div><\/div><!-- close content main div --><\/div><\/div><div id='after_section_2' class='main_color av_default_container_wrap container_wrap sidebar_right'   ><div class='container' ><div class='template-page content  av-content-small alpha units'><div class='post-entry post-entry-type-page post-entry-768'><div class='entry-content-wrapper clearfix'>\n","protected":false},"excerpt":{"rendered":"","protected":false},"author":1,"featured_media":755,"comment_status":"closed","ping_status":"open","sticky":false,"template":"","format":"standard","meta":[],"categories":[13],"tags":[],"yoast_head":"<!-- This site is optimized with the Yoast SEO plugin v19.10 - https:\/\/yoast.com\/wordpress\/plugins\/seo\/ -->\n<title>Encuentro Empresarial on line - TeDFES<\/title>\n<meta name=\"description\" content=\"Tecnolog\u00edas y Dispositivos Fot\u00f3nicos para el Envejecimiento Saludable\" \/>\n<meta name=\"robots\" content=\"index, follow, max-snippet:-1, max-image-preview:large, max-video-preview:-1\" \/>\n<link rel=\"canonical\" href=\"https:\/\/tedfes.com\/en\/encuentro-empresarial-online\/\" \/>\n<meta property=\"og:locale\" content=\"en_US\" \/>\n<meta property=\"og:type\" content=\"article\" \/>\n<meta property=\"og:title\" content=\"Encuentro Empresarial on line - TeDFES\" \/>\n<meta property=\"og:description\" content=\"Tecnolog\u00edas y Dispositivos Fot\u00f3nicos para el Envejecimiento Saludable\" \/>\n<meta property=\"og:url\" content=\"https:\/\/tedfes.com\/en\/encuentro-empresarial-online\/\" \/>\n<meta property=\"og:site_name\" content=\"TeDFES\" \/>\n<meta property=\"article:published_time\" content=\"2020-11-19T11:00:15+00:00\" \/>\n<meta property=\"og:image\" content=\"https:\/\/tedfes.com\/wp-content\/uploads\/2020\/12\/image003.png\" \/>\n\t<meta property=\"og:image:width\" content=\"571\" \/>\n\t<meta property=\"og:image:height\" content=\"346\" \/>\n\t<meta property=\"og:image:type\" content=\"image\/png\" \/>\n<meta name=\"author\" content=\"admin\" \/>\n<meta name=\"twitter:card\" content=\"summary_large_image\" \/>\n<meta name=\"twitter:label1\" content=\"Written by\" \/>\n\t<meta name=\"twitter:data1\" content=\"admin\" \/>\n\t<meta name=\"twitter:label2\" content=\"Est. reading time\" \/>\n\t<meta name=\"twitter:data2\" content=\"4 minutes\" \/>\n<!-- \/ Yoast SEO plugin. -->","yoast_head_json":{"title":"Encuentro Empresarial on line - TeDFES","description":"Tecnolog\u00edas y Dispositivos Fot\u00f3nicos para el Envejecimiento Saludable","robots":{"index":"index","follow":"follow","max-snippet":"max-snippet:-1","max-image-preview":"max-image-preview:large","max-video-preview":"max-video-preview:-1"},"canonical":"https:\/\/tedfes.com\/en\/encuentro-empresarial-online\/","og_locale":"en_US","og_type":"article","og_title":"Encuentro Empresarial on line - TeDFES","og_description":"Tecnolog\u00edas y Dispositivos Fot\u00f3nicos para el Envejecimiento Saludable","og_url":"https:\/\/tedfes.com\/en\/encuentro-empresarial-online\/","og_site_name":"TeDFES","article_published_time":"2020-11-19T11:00:15+00:00","og_image":[{"width":571,"height":346,"url":"https:\/\/tedfes.com\/wp-content\/uploads\/2020\/12\/image003.png","type":"image\/png"}],"author":"admin","twitter_card":"summary_large_image","twitter_misc":{"Written by":"admin","Est. reading time":"4 minutes"},"schema":{"@context":"https:\/\/schema.org","@graph":[{"@type":"Article","@id":"https:\/\/tedfes.com\/en\/encuentro-empresarial-online\/#article","isPartOf":{"@id":"https:\/\/tedfes.com\/en\/encuentro-empresarial-online\/"},"author":{"name":"admin","@id":"https:\/\/tedfes.com\/#\/schema\/person\/dd228d85a0c2b51de24a788682f5b9e8"},"headline":"Encuentro Empresarial on line","datePublished":"2020-11-19T11:00:15+00:00","dateModified":"2020-11-19T11:00:15+00:00","mainEntityOfPage":{"@id":"https:\/\/tedfes.com\/en\/encuentro-empresarial-online\/"},"wordCount":799,"publisher":{"@id":"https:\/\/tedfes.com\/#organization"},"articleSection":["Noticias"],"inLanguage":"en-US"},{"@type":"WebPage","@id":"https:\/\/tedfes.com\/en\/encuentro-empresarial-online\/","url":"https:\/\/tedfes.com\/en\/encuentro-empresarial-online\/","name":"Encuentro Empresarial on line - TeDFES","isPartOf":{"@id":"https:\/\/tedfes.com\/#website"},"datePublished":"2020-11-19T11:00:15+00:00","dateModified":"2020-11-19T11:00:15+00:00","description":"Tecnolog\u00edas y Dispositivos Fot\u00f3nicos para el Envejecimiento Saludable","breadcrumb":{"@id":"https:\/\/tedfes.com\/en\/encuentro-empresarial-online\/#breadcrumb"},"inLanguage":"en-US","potentialAction":[{"@type":"ReadAction","target":["https:\/\/tedfes.com\/en\/encuentro-empresarial-online\/"]}]},{"@type":"BreadcrumbList","@id":"https:\/\/tedfes.com\/en\/encuentro-empresarial-online\/#breadcrumb","itemListElement":[{"@type":"ListItem","position":1,"name":"Home","item":"https:\/\/tedfes.com\/en\/"},{"@type":"ListItem","position":2,"name":"Encuentro Empresarial on line"}]},{"@type":"WebSite","@id":"https:\/\/tedfes.com\/#website","url":"https:\/\/tedfes.com\/","name":"TeDFES","description":"Tecnolog\u00edas y dispositivos fot\u00f3nicos para el envejecimiento saludable","publisher":{"@id":"https:\/\/tedfes.com\/#organization"},"potentialAction":[{"@type":"SearchAction","target":{"@type":"EntryPoint","urlTemplate":"https:\/\/tedfes.com\/?s={search_term_string}"},"query-input":"required name=search_term_string"}],"inLanguage":"en-US"},{"@type":"Organization","@id":"https:\/\/tedfes.com\/#organization","name":"TeDFES","url":"https:\/\/tedfes.com\/","logo":{"@type":"ImageObject","inLanguage":"en-US","@id":"https:\/\/tedfes.com\/#\/schema\/logo\/image\/","url":"https:\/\/tedfes.com\/wp-content\/uploads\/2020\/02\/tedfes.png","contentUrl":"https:\/\/tedfes.com\/wp-content\/uploads\/2020\/02\/tedfes.png","width":258,"height":92,"caption":"TeDFES"},"image":{"@id":"https:\/\/tedfes.com\/#\/schema\/logo\/image\/"}},{"@type":"Person","@id":"https:\/\/tedfes.com\/#\/schema\/person\/dd228d85a0c2b51de24a788682f5b9e8","name":"admin","image":{"@type":"ImageObject","inLanguage":"en-US","@id":"https:\/\/tedfes.com\/#\/schema\/person\/image\/","url":"https:\/\/secure.gravatar.com\/avatar\/2b783056cf86fbcb78d07760f352ed5b?s=96&d=mm&r=g","contentUrl":"https:\/\/secure.gravatar.com\/avatar\/2b783056cf86fbcb78d07760f352ed5b?s=96&d=mm&r=g","caption":"admin"},"url":"https:\/\/tedfes.com\/en\/author\/admin\/"}]}},"_links":{"self":[{"href":"https:\/\/tedfes.com\/en\/wp-json\/wp\/v2\/posts\/768"}],"collection":[{"href":"https:\/\/tedfes.com\/en\/wp-json\/wp\/v2\/posts"}],"about":[{"href":"https:\/\/tedfes.com\/en\/wp-json\/wp\/v2\/types\/post"}],"author":[{"embeddable":true,"href":"https:\/\/tedfes.com\/en\/wp-json\/wp\/v2\/users\/1"}],"replies":[{"embeddable":true,"href":"https:\/\/tedfes.com\/en\/wp-json\/wp\/v2\/comments?post=768"}],"version-history":[{"count":0,"href":"https:\/\/tedfes.com\/en\/wp-json\/wp\/v2\/posts\/768\/revisions"}],"wp:featuredmedia":[{"embeddable":true,"href":"https:\/\/tedfes.com\/en\/wp-json\/wp\/v2\/media\/755"}],"wp:attachment":[{"href":"https:\/\/tedfes.com\/en\/wp-json\/wp\/v2\/media?parent=768"}],"wp:term":[{"taxonomy":"category","embeddable":true,"href":"https:\/\/tedfes.com\/en\/wp-json\/wp\/v2\/categories?post=768"},{"taxonomy":"post_tag","embeddable":true,"href":"https:\/\/tedfes.com\/en\/wp-json\/wp\/v2\/tags?post=768"}],"curies":[{"name":"wp","href":"https:\/\/api.w.org\/{rel}","templated":true}]}}