{"id":764,"date":"2021-02-16T12:12:10","date_gmt":"2021-02-16T12:12:10","guid":{"rendered":"https:\/\/tedfes.com\/jose-miguel-lopez-higuera\/"},"modified":"2021-02-25T09:54:35","modified_gmt":"2021-02-25T09:54:35","slug":"jose-miguel-lopez-higuera","status":"publish","type":"post","link":"https:\/\/tedfes.com\/en\/jose-miguel-lopez-higuera\/","title":{"rendered":"Entrevista a los socios: Jos\u00e9 Miguel L\u00f3pez-Higuera"},"content":{"rendered":"<\/div><\/div><\/div><!-- close content main div --><\/div><\/div><div id='av_section_1' class='avia-section main_color avia-section-small avia-no-border-styling avia-bg-style-scroll  av-minimum-height av-minimum-height-custom container_wrap sidebar_right'   ><div class='container' style='height:30px'><div class='template-page content  av-content-small alpha units'><div class='post-entry post-entry-type-page post-entry-764'><div class='entry-content-wrapper clearfix'>\n<div class='av-social-sharing-box  av-social-sharing-box-minimal'><div class='av-share-box'><ul class='av-share-box-list noLightbox'><li class='av-share-link av-social-link-facebook' ><a target='_blank' href='http:\/\/www.facebook.com\/sharer.php?u=https:\/\/tedfes.com\/en\/jose-miguel-lopez-higuera\/&amp;t=Entrevista%20a%20los%20socios%3A%20Jos%C3%A9%20Miguel%20L%C3%B3pez-Higuera' aria-hidden='true' data-av_icon='\ue8f3' data-av_iconfont='entypo-fontello' title='' data-avia-related-tooltip='Share on Facebook'><span class='avia_hidden_link_text'>Share on Facebook<\/span><\/a><\/li><li class='av-share-link av-social-link-twitter' ><a target='_blank' href='https:\/\/twitter.com\/share?text=Entrevista%20a%20los%20socios%3A%20Jos%C3%A9%20Miguel%20L%C3%B3pez-Higuera&url=https:\/\/tedfes.com\/en\/?p=764' aria-hidden='true' data-av_icon='\ue8f1' data-av_iconfont='entypo-fontello' title='' data-avia-related-tooltip='Share on Twitter'><span class='avia_hidden_link_text'>Share on Twitter<\/span><\/a><\/li><li class='av-share-link av-social-link-linkedin' ><a target='_blank' href='http:\/\/linkedin.com\/shareArticle?mini=true&amp;title=Entrevista%20a%20los%20socios%3A%20Jos%C3%A9%20Miguel%20L%C3%B3pez-Higuera&amp;url=https:\/\/tedfes.com\/en\/jose-miguel-lopez-higuera\/' aria-hidden='true' data-av_icon='\ue8fc' data-av_iconfont='entypo-fontello' title='' data-avia-related-tooltip='Share on Linkedin'><span class='avia_hidden_link_text'>Share on Linkedin<\/span><\/a><\/li><li class='av-share-link av-social-link-mail' ><a  href='mailto:?subject=Entrevista%20a%20los%20socios%3A%20Jos%C3%A9%20Miguel%20L%C3%B3pez-Higuera&amp;body=https:\/\/tedfes.com\/en\/jose-miguel-lopez-higuera\/' aria-hidden='true' data-av_icon='\ue805' data-av_iconfont='entypo-fontello' title='' data-avia-related-tooltip='Share by Mail'><span class='avia_hidden_link_text'>Share by Mail<\/span><\/a><\/li><\/ul><\/div><\/div>\n<\/div><\/div><\/div><!-- close content main div --><\/div><\/div><div id='after_section_1' class='main_color av_default_container_wrap container_wrap sidebar_right'   ><div class='container' ><div class='template-page content  av-content-small alpha units'><div class='post-entry post-entry-type-page post-entry-764'><div class='entry-content-wrapper clearfix'>\n<div style='padding-bottom:10px;' class='av-special-heading av-special-heading-h2   '><h2 class='av-special-heading-tag'  itemprop=\"headline\"  >Entrevista a los socios: Jos\u00e9 Miguel L\u00f3pez-Higuera<\/h2><div class='special-heading-border'><div class='special-heading-inner-border' ><\/div><\/div><\/div>\n<\/div><\/div><\/div><!-- close content main div --><\/div><\/div><div id='av_section_2' class='avia-section main_color avia-section-default avia-no-shadow avia-bg-style-scroll  container_wrap sidebar_right'   ><div class='container' ><div class='template-page content  av-content-small alpha units'><div class='post-entry post-entry-type-page post-entry-764'><div class='entry-content-wrapper clearfix'>\n<div class=\"flex_column av_one_third  flex_column_div av-zero-column-padding first  \" style='border-radius:0px; '><div class='avia-image-container  av-styling-   avia-align-center '  itemscope=\"itemscope\" itemtype=\"https:\/\/schema.org\/ImageObject\"  ><div class='avia-image-container-inner'><img class='avia_image ' src='https:\/\/tedfes.com\/wp-content\/uploads\/2019\/01\/logo-gif-square-300x300.png' alt='' title='logo-gif-square'   itemprop=\"thumbnailUrl\"  \/><\/div><\/div><\/div><div class=\"flex_column av_two_third  flex_column_div av-zero-column-padding   \" style='border-radius:0px; '><section class=\"av_textblock_section\"  itemscope=\"itemscope\" itemtype=\"https:\/\/schema.org\/BlogPosting\" itemprop=\"blogPost\" ><div class='avia_textblock '   itemprop=\"text\" ><h2>Jos\u00e9 Miguel L\u00f3pez-Higuera<\/h2>\n<p><em>(Responsable del Grupo de Ingenier\u00eda Fot\u00f3nica de la Universidad de Cantabria (UC) del CIBER-BBN y del IDIVAL. Investigador Principal del proyecto TEDFES por parte de la UC.)<\/em><\/p>\n<p><em><strong>\u00bfC\u00f3mo crees que impactar\u00e1 la digitalizaci\u00f3n en el diagn\u00f3stico y supervisi\u00f3n de la salud, y en general en la Atenci\u00f3n M\u00e9dica?<\/strong><\/em><br \/>\nImpactar\u00e1 relevantemente en la eficiencia, en la eficacia de los actos m\u00e9dicos y su documentaci\u00f3n, reduciendo sus tiempos y costos.<br \/>\nFavorecer\u00e1 la adquisici\u00f3n, almacenaje, compartici\u00f3n y acceso a la informaci\u00f3n sanitaria, que quedar\u00e1 centralizada y f\u00e1cilmente accesible (en formato electr\u00f3nico) para los autorizados del sistema sanitario. Contribuir\u00e1 a la agilizaci\u00f3n y mejora de la calidad de los diagn\u00f3sticos y dem\u00e1s actos m\u00e9dicos cuya documentaci\u00f3n permanecer\u00e1 en formato electr\u00f3nico en el que permanecer\u00e1 hasta que el sanitario decida la conveniencia de emitirla en formato f\u00edsico (imprimirla sobre papel para facilitar, por ejemplo, los informes y la recetas a los pacientes). Todo ello, a menores costes.<\/p>\n<p><em><strong>\u00bfCrees que la tecnolog\u00eda es el principal motor tractor para el desarrollo de medidas en favor de la salud en los pr\u00f3ximos a\u00f1os?<\/strong><\/em><br \/>\nLa tecnolog\u00eda es, sin duda, <strong><em>facilitadora y habilitadora esencial<\/em><\/strong> de las actividades propias de cualquier sector de aplicaci\u00f3n en el siglo XXI, incluido el de la vida y la salud.<br \/>\n\ufffcLa medicina en los pa\u00edses desarrollados no se concibe sin la disposici\u00f3n de los avances tecnol\u00f3gicos del momento que posibilitan diagn\u00f3sticos y tratamientos avanzados con precisiones y eficacias muy superiores, menos invasivos y con menores efectos colaterales. Permite, adem\u00e1s, efectuar seguimientos de manera sencilla y eficaz.<\/p>\n<p><em><strong>\u00bfCu\u00e1les son las tecnolog\u00edas que tendr\u00e1n mayor impacto a corto plazo (p. ejemplo redes de datos en la nube, IA, machine learning, realidad virtual, realidad aumentada etc.)?<\/strong><\/em><br \/>\nLos sofisticados equipos de diagn\u00f3sticos y tratamientos incluyen una amalgama de tecnolog\u00edas procedentes de diversos campos de conocimientos. Pero, sin duda, incluyen tecnolog\u00edas desarrolladas dentro de los campos de la electr\u00f3nica, la fot\u00f3nica y de las matem\u00e1ticas que, conjugadas \u201carmoniosamente\u201d, desempe\u00f1an papeles estelares.<br \/>\nLa inteligencia artificial (IA) o el machine learning son relevantes para la toma de decisiones; la realidad virtual y realidad aumentada facilitan una mejor visi\u00f3n para el an\u00e1lisis y comprensi\u00f3n de la problem\u00e1ticas, claves para la toma de decisiones; las TIC son vitales para la digitalizaci\u00f3n de la informaci\u00f3n, su transmisi\u00f3n, almacenamiento y presentaci\u00f3n de la misma permitiendo, las de quinta generaci\u00f3n (5G), actos m\u00e9dicos en tiempo real o quasi-real, con participantes situados en centros distribuidos geogr\u00e1ficamente en diversas partes del mundo, entre otras posibilidades.<\/p>\n<p><em><strong>\u00bfConsideras el envejecimiento saludable una buena apuesta a futuro?<\/strong><\/em><br \/>\nA pesar de la pandemia en curso, la vida media de los seres humanos en los pa\u00edses desarrollados se elonga, aproximadamente, 2,5 a\u00f1os por d\u00e9cada. Es por ello que el periodo que sigue a la jubilaci\u00f3n, es cada vez m\u00e1s largo por lo \ufffcque es vital, que sea vivido en salud impactando en la calidad de vida de las personas y en la viabilidad y sostenibilidad de los sistemas sanitarios. Para ello, la fot\u00f3nica, la electr\u00f3nica y las tecnolog\u00edas TIC juegan y, jugar\u00e1n, papeles estelares.<\/p>\n<p><em><strong>\u00bfCrees que el hecho de aprovechar la tecnolog\u00eda para mejorar la asistencia en cualquier zona ayudar\u00e1 a combatir la despoblaci\u00f3n del medio rural?<\/strong><\/em><br \/>\n\u00a1Sin duda alguna!<br \/>\nGracias a las tecnolog\u00edas citadas en la respuesta anterior, se podr\u00e1n efectuar una gama sustancial de actos m\u00e9dicos a distancia y sin que el paciente se tenga que desplazar a los hospitales. Telediagn\u00f3stico, tele consultas, y, en general telemedicina, ser\u00e1 palabras habituales a corto y medio plazo. Por otro lado, a la pandemia le seguir\u00e1n transformaciones substanciales de las formas de laborar. Cada vez, m\u00e1s actividades pueden efectuarse desde el domicilio sin que sea necesario la asistencia constante a un centro de trabajo. Muchos profesionales cuyo trabajo se pueda realizar a distancia (on-line) se trasladar\u00e1n a entornos rurales alej\u00e1ndose del estr\u00e9s de las grandes urbes, pero, para que ello sea posible, se habr\u00e1n de dotar de las tecnolog\u00edas TIC m\u00e1s avanzadas.<\/p>\n<p><em><strong>\u00bfC\u00f3mo ha afectado el COVID-19 al sector salud?<\/strong><\/em><br \/>\nObviamente, le ha sacudido en\u00e9rgicamente poniendo en \u00e9nfasis su relevancia, sus fortalezas y debilidades.<br \/>\nHa servido para que la ciudadan\u00eda reconozca su labor y para interiorizar la necesidad de dotarle de los medios m\u00e1s avanzados y, sobre todo, de invertir DEFINITIVAMENTE en investigaci\u00f3n y desarrollo lo que es, desde el origen de la democracia, una tarea pendiente que los pol\u00edticos, SIEMPRE reconocen y \ufffcprometen en los periodos de elecciones, pero, luego, no lo ponen en pr\u00e1ctica. Es urgente, el logro de un pacto por la Ciencia y por la Educaci\u00f3n estable a medio y largo plazo lo que es imprescindible para que surta los efectos deseados.<\/p>\n<\/div><\/section><\/div>\n<\/div><\/div><\/div><!-- close content main div --><\/div><\/div><div id='after_section_2' class='main_color av_default_container_wrap container_wrap sidebar_right'   ><div class='container' ><div class='template-page content  av-content-small alpha units'><div class='post-entry post-entry-type-page post-entry-764'><div class='entry-content-wrapper clearfix'>\n","protected":false},"excerpt":{"rendered":"","protected":false},"author":1,"featured_media":103,"comment_status":"closed","ping_status":"open","sticky":false,"template":"","format":"standard","meta":[],"categories":[25,13],"tags":[18,21,23],"yoast_head":"<!-- This site is optimized with the Yoast SEO plugin v19.10 - https:\/\/yoast.com\/wordpress\/plugins\/seo\/ -->\n<title>Entrevista a los socios: Jos\u00e9 Miguel L\u00f3pez-Higuera - TeDFES<\/title>\n<meta name=\"description\" content=\"Tecnolog\u00edas y Dispositivos Fot\u00f3nicos para el Envejecimiento Saludable\" \/>\n<meta name=\"robots\" content=\"index, follow, max-snippet:-1, max-image-preview:large, max-video-preview:-1\" \/>\n<link rel=\"canonical\" href=\"https:\/\/tedfes.com\/en\/jose-miguel-lopez-higuera\/\" \/>\n<meta property=\"og:locale\" content=\"en_US\" \/>\n<meta property=\"og:type\" content=\"article\" \/>\n<meta property=\"og:title\" content=\"Entrevista a los socios: Jos\u00e9 Miguel L\u00f3pez-Higuera - TeDFES\" \/>\n<meta property=\"og:description\" content=\"Tecnolog\u00edas y Dispositivos Fot\u00f3nicos para el Envejecimiento Saludable\" \/>\n<meta property=\"og:url\" content=\"https:\/\/tedfes.com\/en\/jose-miguel-lopez-higuera\/\" \/>\n<meta property=\"og:site_name\" content=\"TeDFES\" \/>\n<meta property=\"article:published_time\" content=\"2021-02-16T12:12:10+00:00\" \/>\n<meta property=\"article:modified_time\" content=\"2021-02-25T09:54:35+00:00\" \/>\n<meta property=\"og:image\" content=\"https:\/\/tedfes.com\/wp-content\/uploads\/2019\/01\/logo-gif-square.png\" \/>\n\t<meta property=\"og:image:width\" content=\"327\" \/>\n\t<meta property=\"og:image:height\" content=\"327\" \/>\n\t<meta property=\"og:image:type\" content=\"image\/png\" \/>\n<meta name=\"author\" content=\"admin\" \/>\n<meta name=\"twitter:card\" content=\"summary_large_image\" \/>\n<meta name=\"twitter:label1\" content=\"Written by\" \/>\n\t<meta name=\"twitter:data1\" content=\"admin\" \/>\n\t<meta name=\"twitter:label2\" content=\"Est. reading time\" \/>\n\t<meta name=\"twitter:data2\" content=\"4 minutes\" \/>\n<!-- \/ Yoast SEO plugin. -->","yoast_head_json":{"title":"Entrevista a los socios: Jos\u00e9 Miguel L\u00f3pez-Higuera - TeDFES","description":"Tecnolog\u00edas y Dispositivos Fot\u00f3nicos para el Envejecimiento Saludable","robots":{"index":"index","follow":"follow","max-snippet":"max-snippet:-1","max-image-preview":"max-image-preview:large","max-video-preview":"max-video-preview:-1"},"canonical":"https:\/\/tedfes.com\/en\/jose-miguel-lopez-higuera\/","og_locale":"en_US","og_type":"article","og_title":"Entrevista a los socios: Jos\u00e9 Miguel L\u00f3pez-Higuera - TeDFES","og_description":"Tecnolog\u00edas y Dispositivos Fot\u00f3nicos para el Envejecimiento Saludable","og_url":"https:\/\/tedfes.com\/en\/jose-miguel-lopez-higuera\/","og_site_name":"TeDFES","article_published_time":"2021-02-16T12:12:10+00:00","article_modified_time":"2021-02-25T09:54:35+00:00","og_image":[{"width":327,"height":327,"url":"https:\/\/tedfes.com\/wp-content\/uploads\/2019\/01\/logo-gif-square.png","type":"image\/png"}],"author":"admin","twitter_card":"summary_large_image","twitter_misc":{"Written by":"admin","Est. reading time":"4 minutes"},"schema":{"@context":"https:\/\/schema.org","@graph":[{"@type":"Article","@id":"https:\/\/tedfes.com\/en\/jose-miguel-lopez-higuera\/#article","isPartOf":{"@id":"https:\/\/tedfes.com\/en\/jose-miguel-lopez-higuera\/"},"author":{"name":"admin","@id":"https:\/\/tedfes.com\/#\/schema\/person\/dd228d85a0c2b51de24a788682f5b9e8"},"headline":"Entrevista a los socios: Jos\u00e9 Miguel L\u00f3pez-Higuera","datePublished":"2021-02-16T12:12:10+00:00","dateModified":"2021-02-25T09:54:35+00:00","mainEntityOfPage":{"@id":"https:\/\/tedfes.com\/en\/jose-miguel-lopez-higuera\/"},"wordCount":1246,"publisher":{"@id":"https:\/\/tedfes.com\/#organization"},"keywords":["#Fot\u00f3nica","#TeDFES","gif"],"articleSection":["Entrevistas","Noticias"],"inLanguage":"en-US"},{"@type":"WebPage","@id":"https:\/\/tedfes.com\/en\/jose-miguel-lopez-higuera\/","url":"https:\/\/tedfes.com\/en\/jose-miguel-lopez-higuera\/","name":"Entrevista a los socios: Jos\u00e9 Miguel L\u00f3pez-Higuera - TeDFES","isPartOf":{"@id":"https:\/\/tedfes.com\/#website"},"datePublished":"2021-02-16T12:12:10+00:00","dateModified":"2021-02-25T09:54:35+00:00","description":"Tecnolog\u00edas y Dispositivos Fot\u00f3nicos para el Envejecimiento Saludable","breadcrumb":{"@id":"https:\/\/tedfes.com\/en\/jose-miguel-lopez-higuera\/#breadcrumb"},"inLanguage":"en-US","potentialAction":[{"@type":"ReadAction","target":["https:\/\/tedfes.com\/en\/jose-miguel-lopez-higuera\/"]}]},{"@type":"BreadcrumbList","@id":"https:\/\/tedfes.com\/en\/jose-miguel-lopez-higuera\/#breadcrumb","itemListElement":[{"@type":"ListItem","position":1,"name":"Home","item":"https:\/\/tedfes.com\/en\/"},{"@type":"ListItem","position":2,"name":"Entrevista a los socios: Jos\u00e9 Miguel L\u00f3pez-Higuera"}]},{"@type":"WebSite","@id":"https:\/\/tedfes.com\/#website","url":"https:\/\/tedfes.com\/","name":"TeDFES","description":"Tecnolog\u00edas y dispositivos fot\u00f3nicos para el envejecimiento saludable","publisher":{"@id":"https:\/\/tedfes.com\/#organization"},"potentialAction":[{"@type":"SearchAction","target":{"@type":"EntryPoint","urlTemplate":"https:\/\/tedfes.com\/?s={search_term_string}"},"query-input":"required name=search_term_string"}],"inLanguage":"en-US"},{"@type":"Organization","@id":"https:\/\/tedfes.com\/#organization","name":"TeDFES","url":"https:\/\/tedfes.com\/","logo":{"@type":"ImageObject","inLanguage":"en-US","@id":"https:\/\/tedfes.com\/#\/schema\/logo\/image\/","url":"https:\/\/tedfes.com\/wp-content\/uploads\/2020\/02\/tedfes.png","contentUrl":"https:\/\/tedfes.com\/wp-content\/uploads\/2020\/02\/tedfes.png","width":258,"height":92,"caption":"TeDFES"},"image":{"@id":"https:\/\/tedfes.com\/#\/schema\/logo\/image\/"}},{"@type":"Person","@id":"https:\/\/tedfes.com\/#\/schema\/person\/dd228d85a0c2b51de24a788682f5b9e8","name":"admin","image":{"@type":"ImageObject","inLanguage":"en-US","@id":"https:\/\/tedfes.com\/#\/schema\/person\/image\/","url":"https:\/\/secure.gravatar.com\/avatar\/2b783056cf86fbcb78d07760f352ed5b?s=96&d=mm&r=g","contentUrl":"https:\/\/secure.gravatar.com\/avatar\/2b783056cf86fbcb78d07760f352ed5b?s=96&d=mm&r=g","caption":"admin"},"url":"https:\/\/tedfes.com\/en\/author\/admin\/"}]}},"_links":{"self":[{"href":"https:\/\/tedfes.com\/en\/wp-json\/wp\/v2\/posts\/764"}],"collection":[{"href":"https:\/\/tedfes.com\/en\/wp-json\/wp\/v2\/posts"}],"about":[{"href":"https:\/\/tedfes.com\/en\/wp-json\/wp\/v2\/types\/post"}],"author":[{"embeddable":true,"href":"https:\/\/tedfes.com\/en\/wp-json\/wp\/v2\/users\/1"}],"replies":[{"embeddable":true,"href":"https:\/\/tedfes.com\/en\/wp-json\/wp\/v2\/comments?post=764"}],"version-history":[{"count":0,"href":"https:\/\/tedfes.com\/en\/wp-json\/wp\/v2\/posts\/764\/revisions"}],"wp:featuredmedia":[{"embeddable":true,"href":"https:\/\/tedfes.com\/en\/wp-json\/wp\/v2\/media\/103"}],"wp:attachment":[{"href":"https:\/\/tedfes.com\/en\/wp-json\/wp\/v2\/media?parent=764"}],"wp:term":[{"taxonomy":"category","embeddable":true,"href":"https:\/\/tedfes.com\/en\/wp-json\/wp\/v2\/categories?post=764"},{"taxonomy":"post_tag","embeddable":true,"href":"https:\/\/tedfes.com\/en\/wp-json\/wp\/v2\/tags?post=764"}],"curies":[{"name":"wp","href":"https:\/\/api.w.org\/{rel}","templated":true}]}}