{"id":569,"date":"2020-02-20T08:01:17","date_gmt":"2020-02-20T08:01:17","guid":{"rendered":"http:\/\/tedfes.com\/el-proyecto-tedfes-entre-los-tres-finalistas-de-los-iv-premios-saludigital\/"},"modified":"2020-09-29T08:58:12","modified_gmt":"2020-09-29T08:58:12","slug":"el-proyecto-tedfes-entre-los-tres-finalistas-de-los-iv-premios-saludigital","status":"publish","type":"post","link":"https:\/\/tedfes.com\/en\/el-proyecto-tedfes-entre-los-tres-finalistas-de-los-iv-premios-saludigital\/","title":{"rendered":"El proyecto TeDFES, entre los tres finalistas de los IV Premios SaluDigital"},"content":{"rendered":"<\/div><\/div><\/div><!-- close content main div --><\/div><\/div><div id='av_section_1' class='avia-section main_color avia-section-small avia-no-border-styling avia-bg-style-scroll  av-minimum-height av-minimum-height-custom container_wrap sidebar_right'   ><div class='container' style='height:30px'><div class='template-page content  av-content-small alpha units'><div class='post-entry post-entry-type-page post-entry-569'><div class='entry-content-wrapper clearfix'>\n<div class='av-social-sharing-box  av-social-sharing-box-minimal'><div class='av-share-box'><ul class='av-share-box-list noLightbox'><li class='av-share-link av-social-link-facebook' ><a target='_blank' href='http:\/\/www.facebook.com\/sharer.php?u=https:\/\/tedfes.com\/en\/el-proyecto-tedfes-entre-los-tres-finalistas-de-los-iv-premios-saludigital\/&amp;t=El%20proyecto%20TeDFES%2C%20entre%20los%20tres%20finalistas%20de%20los%20IV%20Premios%20SaluDigital' aria-hidden='true' data-av_icon='\ue8f3' data-av_iconfont='entypo-fontello' title='' data-avia-related-tooltip='Share on Facebook'><span class='avia_hidden_link_text'>Share on Facebook<\/span><\/a><\/li><li class='av-share-link av-social-link-twitter' ><a target='_blank' href='https:\/\/twitter.com\/share?text=El%20proyecto%20TeDFES%2C%20entre%20los%20tres%20finalistas%20de%20los%20IV%20Premios%20SaluDigital&url=https:\/\/tedfes.com\/en\/?p=569' aria-hidden='true' data-av_icon='\ue8f1' data-av_iconfont='entypo-fontello' title='' data-avia-related-tooltip='Share on Twitter'><span class='avia_hidden_link_text'>Share on Twitter<\/span><\/a><\/li><li class='av-share-link av-social-link-linkedin' ><a target='_blank' href='http:\/\/linkedin.com\/shareArticle?mini=true&amp;title=El%20proyecto%20TeDFES%2C%20entre%20los%20tres%20finalistas%20de%20los%20IV%20Premios%20SaluDigital&amp;url=https:\/\/tedfes.com\/en\/el-proyecto-tedfes-entre-los-tres-finalistas-de-los-iv-premios-saludigital\/' aria-hidden='true' data-av_icon='\ue8fc' data-av_iconfont='entypo-fontello' title='' data-avia-related-tooltip='Share on Linkedin'><span class='avia_hidden_link_text'>Share on Linkedin<\/span><\/a><\/li><li class='av-share-link av-social-link-mail' ><a  href='mailto:?subject=El%20proyecto%20TeDFES%2C%20entre%20los%20tres%20finalistas%20de%20los%20IV%20Premios%20SaluDigital&amp;body=https:\/\/tedfes.com\/en\/el-proyecto-tedfes-entre-los-tres-finalistas-de-los-iv-premios-saludigital\/' aria-hidden='true' data-av_icon='\ue805' data-av_iconfont='entypo-fontello' title='' data-avia-related-tooltip='Share by Mail'><span class='avia_hidden_link_text'>Share by Mail<\/span><\/a><\/li><\/ul><\/div><\/div>\n<\/div><\/div><\/div><!-- close content main div --><\/div><\/div><div id='after_section_1' class='main_color av_default_container_wrap container_wrap sidebar_right'   ><div class='container' ><div class='template-page content  av-content-small alpha units'><div class='post-entry post-entry-type-page post-entry-569'><div class='entry-content-wrapper clearfix'><div style='padding-bottom:10px;' class='av-special-heading av-special-heading-h2    '><h2 class='av-special-heading-tag'  itemprop=\"headline\"  >El proyecto TeDFES, entre los tres finalistas de los IV Premios SaluDigital<\/h2><div class='special-heading-border'><div class='special-heading-inner-border' ><\/div><\/div><\/div><\/p>\n<\/div><\/div><\/div><!-- close content main div --><\/div><\/div><div id='av_section_2' class='avia-section main_color avia-section-default avia-no-shadow avia-bg-style-scroll  container_wrap sidebar_right'   ><div class='container' ><div class='template-page content  av-content-small alpha units'><div class='post-entry post-entry-type-page post-entry-569'><div class='entry-content-wrapper clearfix'>\n<div class=\"flex_column av_one_third  flex_column_div av-zero-column-padding first  \" style='border-radius:0px; '><div class='avia-image-container  av-styling-   avia-align-center '  itemscope=\"itemscope\" itemtype=\"https:\/\/schema.org\/ImageObject\"  ><div class='avia-image-container-inner'><img class='avia_image ' src='https:\/\/tedfes.com\/wp-content\/uploads\/2020\/02\/Secci\u00f3n-Comunidad-300x298.jpg' alt='' title='Secci\u00f3n Comunidad'   itemprop=\"thumbnailUrl\"  \/><\/div><\/div><\/div><div class=\"flex_column av_two_third  flex_column_div av-zero-column-padding   \" style='border-radius:0px; '><section class=\"av_textblock_section\"  itemscope=\"itemscope\" itemtype=\"https:\/\/schema.org\/BlogPosting\" itemprop=\"blogPost\" ><div class='avia_textblock '   itemprop=\"text\" ><p style=\"text-align: justify;\">El GRUPO editorial <a href=\"http:\/\/www.mediforum.es\/\">Mediforum<\/a>, especializado en salud, ha convocado los IV Premios de SaluDigital para reconocer las iniciativas desarrolladas en este campo, que contribuyen a mejorar y avanzar en la salud digital para mejorar el bienestar y la calidad de las personas. Se trata de la IV edici\u00f3n de unos Premios que cuentan con la colaboraci\u00f3n del Observatorio de Comunicaci\u00f3n Salud Digital (OCSD) y el patrocinio de Novartis, Cofares, Linde y Real Life Data.<\/p>\n<p style=\"text-align: justify;\">Concretamente, dentro de las categor\u00edas convocadas, el proyecto TeDFES (Tecnolog\u00edas y Dispositivos Fot\u00f3nicos para el Envejecimiento Saludable) ha quedado entre los tres finalistas en la categor\u00eda al <strong>mejor proyecto en fase de desarrollo en SaluDigital. <\/strong>Un proyecto innovador, impulsado por el <a href=\"https:\/\/www.idival.org\/es\/\">Instituto de Investigaci\u00f3n Marqu\u00e9s de Valdecilla<\/a> (IDIVAL), el <a href=\"http:\/\/gif.teisa.unican.es\/\">Grupo de Ingenier\u00eda Fot\u00f3nica<\/a> (GIF) de la Universidad de Cantabria y <a href=\"https:\/\/ambar.es\/\">AMBAR Telecomunicaciones<\/a>.<\/p>\n<p style=\"text-align: justify;\">El objetivo de TeDFES es avanzar hacia la \u201csalud digital\u201d, mejorando la supervisi\u00f3n, el diagn\u00f3stico y las actuaciones en las personas mayores, tanto en \u00e1mbitos de asistencia primaria o ambulatoria como en residenciales y, al mismo tiempo, contribuir al envejecimiento saludable de las personas mayores.<\/p>\n<p style=\"text-align: justify;\">El ganador de cada una de las categor\u00edas se dar\u00e1 a conocer el pr\u00f3ximo d\u00eda 26 de febrero en un acto privado presidido por el Excmo. Se\u00f1or D. Enrique Ruiz Escudero, Consejero de Sanidad de la Comunidad de Madrid, y que contar\u00e1 con la presencia de numerosas personalidades del sector salud.<\/p>\n<p style=\"text-align: justify;\">Proyecto perteneciente a la convocatoria Retos-Colaboraci\u00f3n del Programa Estatal de Investigaci\u00f3n, Desarrollo e Innovaci\u00f3n Orientada a los Retos de la Sociedad (Salud, Cambio Demogr\u00e1fico y Bienestar) para la cooperaci\u00f3n entre empresas y organismos de investigaci\u00f3n.<\/p>\n<p style=\"text-align: justify;\">Financiado por: FEDER\/Ministerio de Ciencia, Innovaci\u00f3n y Universidades \u2013 Agencia Estatal de Investigaci\u00f3n\/Proyecto RTC-2017- 6321-1.<\/p>\n<p style=\"text-align: justify;\">Objetivo tem\u00e1tico: <em>Promover el desarrollo tecnol\u00f3gico, la innovaci\u00f3n y una investigaci\u00f3n de calidad.<\/em><\/p>\n<p><img loading=\"lazy\" class=\"alignnone size-medium wp-image-367\" src=\"http:\/\/tedfes.com\/wp-content\/uploads\/2019\/02\/Logo-Ministerio_Web_AEI-1-300x58.jpg\" alt=\"\" width=\"300\" height=\"58\" srcset=\"https:\/\/tedfes.com\/wp-content\/uploads\/2019\/02\/Logo-Ministerio_Web_AEI-1-300x58.jpg 300w, https:\/\/tedfes.com\/wp-content\/uploads\/2019\/02\/Logo-Ministerio_Web_AEI-1-768x149.jpg 768w, https:\/\/tedfes.com\/wp-content\/uploads\/2019\/02\/Logo-Ministerio_Web_AEI-1-1030x200.jpg 1030w, https:\/\/tedfes.com\/wp-content\/uploads\/2019\/02\/Logo-Ministerio_Web_AEI-1-1500x291.jpg 1500w, https:\/\/tedfes.com\/wp-content\/uploads\/2019\/02\/Logo-Ministerio_Web_AEI-1-705x137.jpg 705w, https:\/\/tedfes.com\/wp-content\/uploads\/2019\/02\/Logo-Ministerio_Web_AEI-1-450x87.jpg 450w\" sizes=\"(max-width: 300px) 100vw, 300px\" \/> <img loading=\"lazy\" class=\"alignnone wp-image-365\" src=\"http:\/\/tedfes.com\/wp-content\/uploads\/2019\/02\/UE-300x129.png\" alt=\"\" width=\"144\" height=\"62\" srcset=\"https:\/\/tedfes.com\/wp-content\/uploads\/2019\/02\/UE-300x129.png 300w, https:\/\/tedfes.com\/wp-content\/uploads\/2019\/02\/UE-450x194.png 450w, https:\/\/tedfes.com\/wp-content\/uploads\/2019\/02\/UE.png 566w\" sizes=\"(max-width: 144px) 100vw, 144px\" \/><\/p>\n<\/div><\/section><\/div>\n<\/div><\/div><\/div><!-- close content main div --><\/div><\/div><div id='after_section_2' class='main_color av_default_container_wrap container_wrap sidebar_right'   ><div class='container' ><div class='template-page content  av-content-small alpha units'><div class='post-entry post-entry-type-page post-entry-569'><div class='entry-content-wrapper clearfix'>\n","protected":false},"excerpt":{"rendered":"","protected":false},"author":2,"featured_media":565,"comment_status":"closed","ping_status":"open","sticky":false,"template":"","format":"standard","meta":[],"categories":[13],"tags":[],"yoast_head":"<!-- This site is optimized with the Yoast SEO plugin v19.10 - https:\/\/yoast.com\/wordpress\/plugins\/seo\/ -->\n<title>El proyecto TeDFES, entre los tres finalistas de los IV Premios SaluDigital - TeDFES<\/title>\n<meta name=\"description\" content=\"Tecnolog\u00edas y Dispositivos Fot\u00f3nicos para el Envejecimiento Saludable\" \/>\n<meta name=\"robots\" content=\"index, follow, max-snippet:-1, max-image-preview:large, max-video-preview:-1\" \/>\n<link rel=\"canonical\" href=\"https:\/\/tedfes.com\/en\/el-proyecto-tedfes-entre-los-tres-finalistas-de-los-iv-premios-saludigital\/\" \/>\n<meta property=\"og:locale\" content=\"en_US\" \/>\n<meta property=\"og:type\" content=\"article\" \/>\n<meta property=\"og:title\" content=\"El proyecto TeDFES, entre los tres finalistas de los IV Premios SaluDigital - TeDFES\" \/>\n<meta property=\"og:description\" content=\"Tecnolog\u00edas y Dispositivos Fot\u00f3nicos para el Envejecimiento Saludable\" \/>\n<meta property=\"og:url\" content=\"https:\/\/tedfes.com\/en\/el-proyecto-tedfes-entre-los-tres-finalistas-de-los-iv-premios-saludigital\/\" \/>\n<meta property=\"og:site_name\" content=\"TeDFES\" \/>\n<meta property=\"article:published_time\" content=\"2020-02-20T08:01:17+00:00\" \/>\n<meta property=\"article:modified_time\" content=\"2020-09-29T08:58:12+00:00\" \/>\n<meta property=\"og:image\" content=\"https:\/\/tedfes.com\/wp-content\/uploads\/2020\/02\/Secci\u00f3n-Comunidad.jpg\" \/>\n\t<meta property=\"og:image:width\" content=\"2154\" \/>\n\t<meta property=\"og:image:height\" content=\"2143\" \/>\n\t<meta property=\"og:image:type\" content=\"image\/jpeg\" \/>\n<meta name=\"author\" content=\"TeDFES\" \/>\n<meta name=\"twitter:card\" content=\"summary_large_image\" \/>\n<meta name=\"twitter:label1\" content=\"Written by\" \/>\n\t<meta name=\"twitter:data1\" content=\"TeDFES\" \/>\n\t<meta name=\"twitter:label2\" content=\"Est. reading time\" \/>\n\t<meta name=\"twitter:data2\" content=\"4 minutes\" \/>\n<!-- \/ Yoast SEO plugin. -->","yoast_head_json":{"title":"El proyecto TeDFES, entre los tres finalistas de los IV Premios SaluDigital - TeDFES","description":"Tecnolog\u00edas y Dispositivos Fot\u00f3nicos para el Envejecimiento Saludable","robots":{"index":"index","follow":"follow","max-snippet":"max-snippet:-1","max-image-preview":"max-image-preview:large","max-video-preview":"max-video-preview:-1"},"canonical":"https:\/\/tedfes.com\/en\/el-proyecto-tedfes-entre-los-tres-finalistas-de-los-iv-premios-saludigital\/","og_locale":"en_US","og_type":"article","og_title":"El proyecto TeDFES, entre los tres finalistas de los IV Premios SaluDigital - TeDFES","og_description":"Tecnolog\u00edas y Dispositivos Fot\u00f3nicos para el Envejecimiento Saludable","og_url":"https:\/\/tedfes.com\/en\/el-proyecto-tedfes-entre-los-tres-finalistas-de-los-iv-premios-saludigital\/","og_site_name":"TeDFES","article_published_time":"2020-02-20T08:01:17+00:00","article_modified_time":"2020-09-29T08:58:12+00:00","og_image":[{"width":2154,"height":2143,"url":"https:\/\/tedfes.com\/wp-content\/uploads\/2020\/02\/Secci\u00f3n-Comunidad.jpg","type":"image\/jpeg"}],"author":"TeDFES","twitter_card":"summary_large_image","twitter_misc":{"Written by":"TeDFES","Est. reading time":"4 minutes"},"schema":{"@context":"https:\/\/schema.org","@graph":[{"@type":"Article","@id":"https:\/\/tedfes.com\/en\/el-proyecto-tedfes-entre-los-tres-finalistas-de-los-iv-premios-saludigital\/#article","isPartOf":{"@id":"https:\/\/tedfes.com\/en\/el-proyecto-tedfes-entre-los-tres-finalistas-de-los-iv-premios-saludigital\/"},"author":{"name":"TeDFES","@id":"https:\/\/tedfes.com\/#\/schema\/person\/c89b3dc5cf94fbe0785a69d3857d0e52"},"headline":"El proyecto TeDFES, entre los tres finalistas de los IV Premios SaluDigital","datePublished":"2020-02-20T08:01:17+00:00","dateModified":"2020-09-29T08:58:12+00:00","mainEntityOfPage":{"@id":"https:\/\/tedfes.com\/en\/el-proyecto-tedfes-entre-los-tres-finalistas-de-los-iv-premios-saludigital\/"},"wordCount":735,"publisher":{"@id":"https:\/\/tedfes.com\/#organization"},"articleSection":["Noticias"],"inLanguage":"en-US"},{"@type":"WebPage","@id":"https:\/\/tedfes.com\/en\/el-proyecto-tedfes-entre-los-tres-finalistas-de-los-iv-premios-saludigital\/","url":"https:\/\/tedfes.com\/en\/el-proyecto-tedfes-entre-los-tres-finalistas-de-los-iv-premios-saludigital\/","name":"El proyecto TeDFES, entre los tres finalistas de los IV Premios SaluDigital - TeDFES","isPartOf":{"@id":"https:\/\/tedfes.com\/#website"},"datePublished":"2020-02-20T08:01:17+00:00","dateModified":"2020-09-29T08:58:12+00:00","description":"Tecnolog\u00edas y Dispositivos Fot\u00f3nicos para el Envejecimiento Saludable","breadcrumb":{"@id":"https:\/\/tedfes.com\/en\/el-proyecto-tedfes-entre-los-tres-finalistas-de-los-iv-premios-saludigital\/#breadcrumb"},"inLanguage":"en-US","potentialAction":[{"@type":"ReadAction","target":["https:\/\/tedfes.com\/en\/el-proyecto-tedfes-entre-los-tres-finalistas-de-los-iv-premios-saludigital\/"]}]},{"@type":"BreadcrumbList","@id":"https:\/\/tedfes.com\/en\/el-proyecto-tedfes-entre-los-tres-finalistas-de-los-iv-premios-saludigital\/#breadcrumb","itemListElement":[{"@type":"ListItem","position":1,"name":"Home","item":"https:\/\/tedfes.com\/en\/"},{"@type":"ListItem","position":2,"name":"El proyecto TeDFES, entre los tres finalistas de los IV Premios SaluDigital"}]},{"@type":"WebSite","@id":"https:\/\/tedfes.com\/#website","url":"https:\/\/tedfes.com\/","name":"TeDFES","description":"Tecnolog\u00edas y dispositivos fot\u00f3nicos para el envejecimiento saludable","publisher":{"@id":"https:\/\/tedfes.com\/#organization"},"potentialAction":[{"@type":"SearchAction","target":{"@type":"EntryPoint","urlTemplate":"https:\/\/tedfes.com\/?s={search_term_string}"},"query-input":"required name=search_term_string"}],"inLanguage":"en-US"},{"@type":"Organization","@id":"https:\/\/tedfes.com\/#organization","name":"TeDFES","url":"https:\/\/tedfes.com\/","logo":{"@type":"ImageObject","inLanguage":"en-US","@id":"https:\/\/tedfes.com\/#\/schema\/logo\/image\/","url":"https:\/\/tedfes.com\/wp-content\/uploads\/2020\/02\/tedfes.png","contentUrl":"https:\/\/tedfes.com\/wp-content\/uploads\/2020\/02\/tedfes.png","width":258,"height":92,"caption":"TeDFES"},"image":{"@id":"https:\/\/tedfes.com\/#\/schema\/logo\/image\/"}},{"@type":"Person","@id":"https:\/\/tedfes.com\/#\/schema\/person\/c89b3dc5cf94fbe0785a69d3857d0e52","name":"TeDFES","image":{"@type":"ImageObject","inLanguage":"en-US","@id":"https:\/\/tedfes.com\/#\/schema\/person\/image\/","url":"https:\/\/secure.gravatar.com\/avatar\/25ff1df2177a75d494ff2a9a4f525d86?s=96&d=mm&r=g","contentUrl":"https:\/\/secure.gravatar.com\/avatar\/25ff1df2177a75d494ff2a9a4f525d86?s=96&d=mm&r=g","caption":"TeDFES"},"sameAs":["https:\/\/tedfes.com"],"url":"https:\/\/tedfes.com\/en\/author\/tedfes\/"}]}},"_links":{"self":[{"href":"https:\/\/tedfes.com\/en\/wp-json\/wp\/v2\/posts\/569"}],"collection":[{"href":"https:\/\/tedfes.com\/en\/wp-json\/wp\/v2\/posts"}],"about":[{"href":"https:\/\/tedfes.com\/en\/wp-json\/wp\/v2\/types\/post"}],"author":[{"embeddable":true,"href":"https:\/\/tedfes.com\/en\/wp-json\/wp\/v2\/users\/2"}],"replies":[{"embeddable":true,"href":"https:\/\/tedfes.com\/en\/wp-json\/wp\/v2\/comments?post=569"}],"version-history":[{"count":0,"href":"https:\/\/tedfes.com\/en\/wp-json\/wp\/v2\/posts\/569\/revisions"}],"wp:featuredmedia":[{"embeddable":true,"href":"https:\/\/tedfes.com\/en\/wp-json\/wp\/v2\/media\/565"}],"wp:attachment":[{"href":"https:\/\/tedfes.com\/en\/wp-json\/wp\/v2\/media?parent=569"}],"wp:term":[{"taxonomy":"category","embeddable":true,"href":"https:\/\/tedfes.com\/en\/wp-json\/wp\/v2\/categories?post=569"},{"taxonomy":"post_tag","embeddable":true,"href":"https:\/\/tedfes.com\/en\/wp-json\/wp\/v2\/tags?post=569"}],"curies":[{"name":"wp","href":"https:\/\/api.w.org\/{rel}","templated":true}]}}