{"id":479,"date":"2019-12-30T12:45:48","date_gmt":"2019-12-30T12:45:48","guid":{"rendered":"http:\/\/tedfes.com\/?p=479"},"modified":"2020-09-29T09:53:28","modified_gmt":"2020-09-29T09:53:28","slug":"el-equipo-del-proyecto-tedfes-les-desea-una-feliz-navidad-y-un-prospero-ano-2020","status":"publish","type":"post","link":"https:\/\/tedfes.com\/en\/el-equipo-del-proyecto-tedfes-les-desea-una-feliz-navidad-y-un-prospero-ano-2020\/","title":{"rendered":"El equipo del proyecto TeDFES les desea una Feliz Navidad y un Pr\u00f3spero A\u00f1o 2020"},"content":{"rendered":"<\/div><\/div><\/div><!-- close content main div --><\/div><\/div><div id='av_section_1' class='avia-section main_color avia-section-small avia-no-border-styling avia-bg-style-scroll  av-minimum-height av-minimum-height-custom container_wrap sidebar_right'   ><div class='container' style='height:30px'><div class='template-page content  av-content-small alpha units'><div class='post-entry post-entry-type-page post-entry-479'><div class='entry-content-wrapper clearfix'>\n<div class='av-social-sharing-box  av-social-sharing-box-minimal'><div class='av-share-box'><ul class='av-share-box-list noLightbox'><li class='av-share-link av-social-link-facebook' ><a target='_blank' href='http:\/\/www.facebook.com\/sharer.php?u=https:\/\/tedfes.com\/en\/el-equipo-del-proyecto-tedfes-les-desea-una-feliz-navidad-y-un-prospero-ano-2020\/&amp;t=El%20equipo%20del%20proyecto%20TeDFES%20les%20desea%20una%20Feliz%20Navidad%20y%20un%20Pr%C3%B3spero%20A%C3%B1o%202020' aria-hidden='true' data-av_icon='\ue8f3' data-av_iconfont='entypo-fontello' title='' data-avia-related-tooltip='Share on Facebook'><span class='avia_hidden_link_text'>Share on Facebook<\/span><\/a><\/li><li class='av-share-link av-social-link-twitter' ><a target='_blank' href='https:\/\/twitter.com\/share?text=El%20equipo%20del%20proyecto%20TeDFES%20les%20desea%20una%20Feliz%20Navidad%20y%20un%20Pr%C3%B3spero%20A%C3%B1o%202020&url=https:\/\/tedfes.com\/en\/?p=479' aria-hidden='true' data-av_icon='\ue8f1' data-av_iconfont='entypo-fontello' title='' data-avia-related-tooltip='Share on Twitter'><span class='avia_hidden_link_text'>Share on Twitter<\/span><\/a><\/li><li class='av-share-link av-social-link-linkedin' ><a target='_blank' href='http:\/\/linkedin.com\/shareArticle?mini=true&amp;title=El%20equipo%20del%20proyecto%20TeDFES%20les%20desea%20una%20Feliz%20Navidad%20y%20un%20Pr%C3%B3spero%20A%C3%B1o%202020&amp;url=https:\/\/tedfes.com\/en\/el-equipo-del-proyecto-tedfes-les-desea-una-feliz-navidad-y-un-prospero-ano-2020\/' aria-hidden='true' data-av_icon='\ue8fc' data-av_iconfont='entypo-fontello' title='' data-avia-related-tooltip='Share on Linkedin'><span class='avia_hidden_link_text'>Share on Linkedin<\/span><\/a><\/li><li class='av-share-link av-social-link-mail' ><a  href='mailto:?subject=El%20equipo%20del%20proyecto%20TeDFES%20les%20desea%20una%20Feliz%20Navidad%20y%20un%20Pr%C3%B3spero%20A%C3%B1o%202020&amp;body=https:\/\/tedfes.com\/en\/el-equipo-del-proyecto-tedfes-les-desea-una-feliz-navidad-y-un-prospero-ano-2020\/' aria-hidden='true' data-av_icon='\ue805' data-av_iconfont='entypo-fontello' title='' data-avia-related-tooltip='Share by Mail'><span class='avia_hidden_link_text'>Share by Mail<\/span><\/a><\/li><\/ul><\/div><\/div>\n<\/div><\/div><\/div><!-- close content main div --><\/div><\/div><div id='after_section_1' class='main_color av_default_container_wrap container_wrap sidebar_right'   ><div class='container' ><div class='template-page content  av-content-small alpha units'><div class='post-entry post-entry-type-page post-entry-479'><div class='entry-content-wrapper clearfix'>\n<div style='padding-bottom:10px;' class='av-special-heading av-special-heading-h2    '><h2 class='av-special-heading-tag'  itemprop=\"headline\"  >El equipo del proyecto TeDFES les desea una Feliz Navidad y un Pr\u00f3spero A\u00f1o 2020<\/h2><div class='special-heading-border'><div class='special-heading-inner-border' ><\/div><\/div><\/div>\n<\/div><\/div><\/div><!-- close content main div --><\/div><\/div><div id='av_section_2' class='avia-section main_color avia-section-default avia-no-shadow avia-bg-style-scroll  container_wrap sidebar_right'   ><div class='container' ><div class='template-page content  av-content-small alpha units'><div class='post-entry post-entry-type-page post-entry-479'><div class='entry-content-wrapper clearfix'>\n<div class=\"flex_column av_one_third  flex_column_div av-zero-column-padding first  \" style='border-radius:0px; '><p><div class='avia-image-container  av-styling-   avia-align-center '  itemscope=\"itemscope\" itemtype=\"https:\/\/schema.org\/ImageObject\"  ><div class='avia-image-container-inner'><img class='avia_image ' src='https:\/\/tedfes.com\/wp-content\/uploads\/2020\/01\/Foto-Navidad-495x400.jpg' alt='' title='Foto Navidad'   itemprop=\"thumbnailUrl\"  \/><\/div><\/div><br \/>\n<section class=\"av_textblock_section\"  itemscope=\"itemscope\" itemtype=\"https:\/\/schema.org\/BlogPosting\" itemprop=\"blogPost\" ><div class='avia_textblock '   itemprop=\"text\" ><h6 style=\"text-align: center;\"><em>En la imagen, parte del equipo TeDFES durante su \u00faltima reuni\u00f3n de trabajo de 2019.<\/em><\/h6>\n<\/div><\/section><\/p><\/div><div class=\"flex_column av_two_third  flex_column_div av-zero-column-padding   \" style='border-radius:0px; '><section class=\"av_textblock_section\"  itemscope=\"itemscope\" itemtype=\"https:\/\/schema.org\/BlogPosting\" itemprop=\"blogPost\" ><div class='avia_textblock '   itemprop=\"text\" ><p style=\"text-align: justify;\">El balance para este final de a\u00f1o es muy positivo en cuanto a los progresos que se han venido realizando a lo largo del mismo. La diferentes reuniones que se han mantenido entre los colaboradores de proyecto TeDFES han contribuido a revisar los compromisos del proyecto para este 2019, as\u00ed como el estado de su avance.<\/p>\n<p style=\"text-align: justify;\">Avanzar hacia la \u201csalud digital\u201d, es la finalidad del proyecto TeDFES, contribuir al envejecimiento saludable de las personas mayores, para lo cual se promueve el desarrollo de nuevas tecnolog\u00edas y dispositivos fot\u00f3nicos, as\u00ed como la aplicaci\u00f3n empresarial de nuevas ideas y t\u00e9cnicas, fomentando la creaci\u00f3n de nuevos productos y servicios, generando empleo y mejorando la balanza tecnol\u00f3gica de Espa\u00f1a, siempre desde el rigor m\u00e9dico.<\/p>\n<p style=\"text-align: justify;\">Proyecto perteneciente a la convocatoria Retos-Colaboraci\u00f3n del Programa Estatal de Investigaci\u00f3n, Desarrollo e Innovaci\u00f3n Orientada a los Retos de la Sociedad (Salud, Cambio Demogr\u00e1fico y Bienestar) para la cooperaci\u00f3n entre empresas y organismos de investigaci\u00f3n.<\/p>\n<p style=\"text-align: justify;\">Financiado por: FEDER\/Ministerio de Ciencia, Innovaci\u00f3n y Universidades \u2013 Agencia Estatal de Investigaci\u00f3n\/Proyecto RTC-2017- 6321-1.<\/p>\n<p style=\"text-align: justify;\">Objetivo tem\u00e1tico:\u00a0<em>Promover el desarrollo tecnol\u00f3gico, la innovaci\u00f3n y una in<\/em><em>vestigaci\u00f3n de calidad.<\/em><\/p>\n<p><img loading=\"lazy\" class=\"alignnone size-medium wp-image-367\" src=\"http:\/\/tedfes.com\/wp-content\/uploads\/2019\/02\/Logo-Ministerio_Web_AEI-1-300x58.jpg\" alt=\"\" width=\"300\" height=\"58\" srcset=\"https:\/\/tedfes.com\/wp-content\/uploads\/2019\/02\/Logo-Ministerio_Web_AEI-1-300x58.jpg 300w, https:\/\/tedfes.com\/wp-content\/uploads\/2019\/02\/Logo-Ministerio_Web_AEI-1-768x149.jpg 768w, https:\/\/tedfes.com\/wp-content\/uploads\/2019\/02\/Logo-Ministerio_Web_AEI-1-1030x200.jpg 1030w, https:\/\/tedfes.com\/wp-content\/uploads\/2019\/02\/Logo-Ministerio_Web_AEI-1-1500x291.jpg 1500w, https:\/\/tedfes.com\/wp-content\/uploads\/2019\/02\/Logo-Ministerio_Web_AEI-1-705x137.jpg 705w, https:\/\/tedfes.com\/wp-content\/uploads\/2019\/02\/Logo-Ministerio_Web_AEI-1-450x87.jpg 450w\" sizes=\"(max-width: 300px) 100vw, 300px\" \/><img loading=\"lazy\" class=\"alignnone wp-image-365\" src=\"http:\/\/tedfes.com\/wp-content\/uploads\/2019\/02\/UE-300x129.png\" alt=\"\" width=\"142\" height=\"61\" srcset=\"https:\/\/tedfes.com\/wp-content\/uploads\/2019\/02\/UE-300x129.png 300w, https:\/\/tedfes.com\/wp-content\/uploads\/2019\/02\/UE-450x194.png 450w, https:\/\/tedfes.com\/wp-content\/uploads\/2019\/02\/UE.png 566w\" sizes=\"(max-width: 142px) 100vw, 142px\" \/><\/p>\n<\/div><\/section><\/div>\n<\/div><\/div><\/div><!-- close content main div --><\/div><\/div><div id='after_section_2' class='main_color av_default_container_wrap container_wrap sidebar_right'   ><div class='container' ><div class='template-page content  av-content-small alpha units'><div class='post-entry post-entry-type-page post-entry-479'><div class='entry-content-wrapper clearfix'>\n","protected":false},"excerpt":{"rendered":"","protected":false},"author":2,"featured_media":472,"comment_status":"closed","ping_status":"open","sticky":false,"template":"","format":"standard","meta":[],"categories":[13],"tags":[],"yoast_head":"<!-- This site is optimized with the Yoast SEO plugin v19.10 - https:\/\/yoast.com\/wordpress\/plugins\/seo\/ -->\n<title>El equipo del proyecto TeDFES les desea una Feliz Navidad y un Pr\u00f3spero A\u00f1o 2020 - TeDFES<\/title>\n<meta name=\"description\" content=\"Tecnolog\u00edas y Dispositivos Fot\u00f3nicos para el Envejecimiento Saludable\" \/>\n<meta name=\"robots\" content=\"index, follow, max-snippet:-1, max-image-preview:large, max-video-preview:-1\" \/>\n<link rel=\"canonical\" href=\"https:\/\/tedfes.com\/en\/el-equipo-del-proyecto-tedfes-les-desea-una-feliz-navidad-y-un-prospero-ano-2020\/\" \/>\n<meta property=\"og:locale\" content=\"en_US\" \/>\n<meta property=\"og:type\" content=\"article\" \/>\n<meta property=\"og:title\" content=\"El equipo del proyecto TeDFES les desea una Feliz Navidad y un Pr\u00f3spero A\u00f1o 2020 - TeDFES\" \/>\n<meta property=\"og:description\" content=\"Tecnolog\u00edas y Dispositivos Fot\u00f3nicos para el Envejecimiento Saludable\" \/>\n<meta property=\"og:url\" content=\"https:\/\/tedfes.com\/en\/el-equipo-del-proyecto-tedfes-les-desea-una-feliz-navidad-y-un-prospero-ano-2020\/\" \/>\n<meta property=\"og:site_name\" content=\"TeDFES\" \/>\n<meta property=\"article:published_time\" content=\"2019-12-30T12:45:48+00:00\" \/>\n<meta property=\"article:modified_time\" content=\"2020-09-29T09:53:28+00:00\" \/>\n<meta property=\"og:image\" content=\"https:\/\/tedfes.com\/wp-content\/uploads\/2020\/01\/Foto-Navidad-1030x773.jpg\" \/>\n\t<meta property=\"og:image:width\" content=\"1030\" \/>\n\t<meta property=\"og:image:height\" content=\"773\" \/>\n\t<meta property=\"og:image:type\" content=\"image\/jpeg\" \/>\n<meta name=\"author\" content=\"TeDFES\" \/>\n<meta name=\"twitter:card\" content=\"summary_large_image\" \/>\n<meta name=\"twitter:label1\" content=\"Written by\" \/>\n\t<meta name=\"twitter:data1\" content=\"TeDFES\" \/>\n\t<meta name=\"twitter:label2\" content=\"Est. reading time\" \/>\n\t<meta name=\"twitter:data2\" content=\"3 minutes\" \/>\n<!-- \/ Yoast SEO plugin. -->","yoast_head_json":{"title":"El equipo del proyecto TeDFES les desea una Feliz Navidad y un Pr\u00f3spero A\u00f1o 2020 - TeDFES","description":"Tecnolog\u00edas y Dispositivos Fot\u00f3nicos para el Envejecimiento Saludable","robots":{"index":"index","follow":"follow","max-snippet":"max-snippet:-1","max-image-preview":"max-image-preview:large","max-video-preview":"max-video-preview:-1"},"canonical":"https:\/\/tedfes.com\/en\/el-equipo-del-proyecto-tedfes-les-desea-una-feliz-navidad-y-un-prospero-ano-2020\/","og_locale":"en_US","og_type":"article","og_title":"El equipo del proyecto TeDFES les desea una Feliz Navidad y un Pr\u00f3spero A\u00f1o 2020 - TeDFES","og_description":"Tecnolog\u00edas y Dispositivos Fot\u00f3nicos para el Envejecimiento Saludable","og_url":"https:\/\/tedfes.com\/en\/el-equipo-del-proyecto-tedfes-les-desea-una-feliz-navidad-y-un-prospero-ano-2020\/","og_site_name":"TeDFES","article_published_time":"2019-12-30T12:45:48+00:00","article_modified_time":"2020-09-29T09:53:28+00:00","og_image":[{"width":1030,"height":773,"url":"https:\/\/tedfes.com\/wp-content\/uploads\/2020\/01\/Foto-Navidad-1030x773.jpg","type":"image\/jpeg"}],"author":"TeDFES","twitter_card":"summary_large_image","twitter_misc":{"Written by":"TeDFES","Est. reading time":"3 minutes"},"schema":{"@context":"https:\/\/schema.org","@graph":[{"@type":"Article","@id":"https:\/\/tedfes.com\/en\/el-equipo-del-proyecto-tedfes-les-desea-una-feliz-navidad-y-un-prospero-ano-2020\/#article","isPartOf":{"@id":"https:\/\/tedfes.com\/en\/el-equipo-del-proyecto-tedfes-les-desea-una-feliz-navidad-y-un-prospero-ano-2020\/"},"author":{"name":"TeDFES","@id":"https:\/\/tedfes.com\/#\/schema\/person\/c89b3dc5cf94fbe0785a69d3857d0e52"},"headline":"El equipo del proyecto TeDFES les desea una Feliz Navidad y un Pr\u00f3spero A\u00f1o 2020","datePublished":"2019-12-30T12:45:48+00:00","dateModified":"2020-09-29T09:53:28+00:00","mainEntityOfPage":{"@id":"https:\/\/tedfes.com\/en\/el-equipo-del-proyecto-tedfes-les-desea-una-feliz-navidad-y-un-prospero-ano-2020\/"},"wordCount":654,"publisher":{"@id":"https:\/\/tedfes.com\/#organization"},"articleSection":["Noticias"],"inLanguage":"en-US"},{"@type":"WebPage","@id":"https:\/\/tedfes.com\/en\/el-equipo-del-proyecto-tedfes-les-desea-una-feliz-navidad-y-un-prospero-ano-2020\/","url":"https:\/\/tedfes.com\/en\/el-equipo-del-proyecto-tedfes-les-desea-una-feliz-navidad-y-un-prospero-ano-2020\/","name":"El equipo del proyecto TeDFES les desea una Feliz Navidad y un Pr\u00f3spero A\u00f1o 2020 - TeDFES","isPartOf":{"@id":"https:\/\/tedfes.com\/#website"},"datePublished":"2019-12-30T12:45:48+00:00","dateModified":"2020-09-29T09:53:28+00:00","description":"Tecnolog\u00edas y Dispositivos Fot\u00f3nicos para el Envejecimiento Saludable","breadcrumb":{"@id":"https:\/\/tedfes.com\/en\/el-equipo-del-proyecto-tedfes-les-desea-una-feliz-navidad-y-un-prospero-ano-2020\/#breadcrumb"},"inLanguage":"en-US","potentialAction":[{"@type":"ReadAction","target":["https:\/\/tedfes.com\/en\/el-equipo-del-proyecto-tedfes-les-desea-una-feliz-navidad-y-un-prospero-ano-2020\/"]}]},{"@type":"BreadcrumbList","@id":"https:\/\/tedfes.com\/en\/el-equipo-del-proyecto-tedfes-les-desea-una-feliz-navidad-y-un-prospero-ano-2020\/#breadcrumb","itemListElement":[{"@type":"ListItem","position":1,"name":"Home","item":"https:\/\/tedfes.com\/en\/"},{"@type":"ListItem","position":2,"name":"El equipo del proyecto TeDFES les desea una Feliz Navidad y un Pr\u00f3spero A\u00f1o 2020"}]},{"@type":"WebSite","@id":"https:\/\/tedfes.com\/#website","url":"https:\/\/tedfes.com\/","name":"TeDFES","description":"Tecnolog\u00edas y dispositivos fot\u00f3nicos para el envejecimiento saludable","publisher":{"@id":"https:\/\/tedfes.com\/#organization"},"potentialAction":[{"@type":"SearchAction","target":{"@type":"EntryPoint","urlTemplate":"https:\/\/tedfes.com\/?s={search_term_string}"},"query-input":"required name=search_term_string"}],"inLanguage":"en-US"},{"@type":"Organization","@id":"https:\/\/tedfes.com\/#organization","name":"TeDFES","url":"https:\/\/tedfes.com\/","logo":{"@type":"ImageObject","inLanguage":"en-US","@id":"https:\/\/tedfes.com\/#\/schema\/logo\/image\/","url":"https:\/\/tedfes.com\/wp-content\/uploads\/2020\/02\/tedfes.png","contentUrl":"https:\/\/tedfes.com\/wp-content\/uploads\/2020\/02\/tedfes.png","width":258,"height":92,"caption":"TeDFES"},"image":{"@id":"https:\/\/tedfes.com\/#\/schema\/logo\/image\/"}},{"@type":"Person","@id":"https:\/\/tedfes.com\/#\/schema\/person\/c89b3dc5cf94fbe0785a69d3857d0e52","name":"TeDFES","image":{"@type":"ImageObject","inLanguage":"en-US","@id":"https:\/\/tedfes.com\/#\/schema\/person\/image\/","url":"https:\/\/secure.gravatar.com\/avatar\/25ff1df2177a75d494ff2a9a4f525d86?s=96&d=mm&r=g","contentUrl":"https:\/\/secure.gravatar.com\/avatar\/25ff1df2177a75d494ff2a9a4f525d86?s=96&d=mm&r=g","caption":"TeDFES"},"sameAs":["https:\/\/tedfes.com"],"url":"https:\/\/tedfes.com\/en\/author\/tedfes\/"}]}},"_links":{"self":[{"href":"https:\/\/tedfes.com\/en\/wp-json\/wp\/v2\/posts\/479"}],"collection":[{"href":"https:\/\/tedfes.com\/en\/wp-json\/wp\/v2\/posts"}],"about":[{"href":"https:\/\/tedfes.com\/en\/wp-json\/wp\/v2\/types\/post"}],"author":[{"embeddable":true,"href":"https:\/\/tedfes.com\/en\/wp-json\/wp\/v2\/users\/2"}],"replies":[{"embeddable":true,"href":"https:\/\/tedfes.com\/en\/wp-json\/wp\/v2\/comments?post=479"}],"version-history":[{"count":0,"href":"https:\/\/tedfes.com\/en\/wp-json\/wp\/v2\/posts\/479\/revisions"}],"wp:featuredmedia":[{"embeddable":true,"href":"https:\/\/tedfes.com\/en\/wp-json\/wp\/v2\/media\/472"}],"wp:attachment":[{"href":"https:\/\/tedfes.com\/en\/wp-json\/wp\/v2\/media?parent=479"}],"wp:term":[{"taxonomy":"category","embeddable":true,"href":"https:\/\/tedfes.com\/en\/wp-json\/wp\/v2\/categories?post=479"},{"taxonomy":"post_tag","embeddable":true,"href":"https:\/\/tedfes.com\/en\/wp-json\/wp\/v2\/tags?post=479"}],"curies":[{"name":"wp","href":"https:\/\/api.w.org\/{rel}","templated":true}]}}